{"id":1,"date":"2021-04-20T18:48:14","date_gmt":"2021-04-20T18:48:14","guid":{"rendered":"https:\/\/mindfulnesseducacion.com\/articulos\/?p=1"},"modified":"2023-09-17T19:19:14","modified_gmt":"2023-09-17T19:19:14","slug":"aprendizaje-socioemocional","status":"publish","type":"post","link":"https:\/\/mindfulnesseducacion.com\/articulos\/index.php\/2021\/04\/20\/aprendizaje-socioemocional\/","title":{"rendered":"C\u00f3mo pueden trabajar juntos el Aprendizaje Socioemocional (SEL) y Mindfulness"},"content":{"rendered":"\n<figure class=\"wp-block-image size-large is-style-rounded\"><img loading=\"lazy\" width=\"1024\" height=\"724\" src=\"https:\/\/mindfulnesseducacion.com\/articulos\/wp-content\/uploads\/2021\/04\/AdobeStock_2936783931-1024x724.jpeg\" alt=\"\" class=\"wp-image-51\" srcset=\"https:\/\/mindfulnesseducacion.com\/articulos\/wp-content\/uploads\/2021\/04\/AdobeStock_2936783931-1024x724.jpeg 1024w, https:\/\/mindfulnesseducacion.com\/articulos\/wp-content\/uploads\/2021\/04\/AdobeStock_2936783931-300x212.jpeg 300w, https:\/\/mindfulnesseducacion.com\/articulos\/wp-content\/uploads\/2021\/04\/AdobeStock_2936783931-768x543.jpeg 768w, https:\/\/mindfulnesseducacion.com\/articulos\/wp-content\/uploads\/2021\/04\/AdobeStock_2936783931-1536x1086.jpeg 1536w, https:\/\/mindfulnesseducacion.com\/articulos\/wp-content\/uploads\/2021\/04\/AdobeStock_2936783931-2048x1448.jpeg 2048w, https:\/\/mindfulnesseducacion.com\/articulos\/wp-content\/uploads\/2021\/04\/AdobeStock_2936783931-720x509.jpeg 720w\" sizes=\"(max-width: 1024px) 100vw, 1024px\" \/><\/figure>\n\n\n\n<p><span class=\"has-inline-color has-vivid-purple-color\">Cuando se ense\u00f1an juntos, el aprendizaje socioemocional y Mindfulness pueden tener un impacto a\u00fan mayor tanto en las personas como en el mundo que nos rodea.\u00a0<\/span><br>Por <a href=\"https:\/\/greatergood.berkeley.edu\/profile\/linda_lantieri\" target=\"_blank\" rel=\"noreferrer noopener\">Linda Lantieri<\/a> y <a href=\"https:\/\/greatergood.berkeley.edu\/profile\/vicki_zakrzewski\" target=\"_blank\" rel=\"noreferrer noopener\">Vicki Zakrzewski\u00a0<\/a>\u00a0<br>Publicado por primera vez en <em>Greater Good Magazine<\/em> de la Universidad de Berkeley, Estados Unidos<sup><a href=\"#referencia\">1<\/a>\u00a0\u00a0 <\/sup><\/p>\n\n\n\n<p class=\"has-small-font-size\" id=\"traduccion\" style=\"font-size:12px\">Traducci\u00f3n<sup><a href=\"#fuente\">2<\/a><\/sup>:&nbsp;&nbsp;<br><em>Airam Xiomara Dom\u00ednguez Espinoza<\/em>. Universidad Veracruzana<br>Direcci\u00f3n y edici\u00f3n: <em>Silvia Leticia Pi\u00f1ero Ram\u00edrez<\/em>.&nbsp;&nbsp;Universidad Veracruzana- ERES EduLab\u00a9<\/p>\n\n\n\n<p class=\"has-text-align-left\">&nbsp;Si eres un educador interesado en desarrollar el bienestar social y emocional de los estudiantes, puede ser dif\u00edcil saber por d\u00f3nde empezar. \u00bfQu\u00e9 programa de Aprendizaje Socioemocional (SEL, por sus siglas en ingl\u00e9s)* deber\u00edas elegir? \u00bfO ser\u00eda mejor enfocarse en Mindfulness? Quiz\u00e1s hayas escuchado grandes cosas sobre los dos y, al final, \u00bfno hacen lo mismo?&nbsp;<\/p>\n\n\n\n<p>La confusi\u00f3n es comprensible dado que la investigaci\u00f3n en ambos campos sugiere resultados similares para los estudiantes: mayor rendimiento acad\u00e9mico y bienestar, comportamiento menos riesgoso y mejores relaciones con compa\u00f1eros y profesores.<\/p>\n\n\n\n<p>De hecho, el SEL y mindfulness <em>son <\/em>dos \u00e1reas<em> <\/em>separadas -que funcionan muy bien cuando se ense\u00f1an y aprenden juntas-. Por lo tanto, elegir una sobre la otra puede que no sea la mejor elecci\u00f3n.&nbsp;<\/p>\n\n\n\n<p>Una de nosotras (Linda) ha llevado la delantera en el desarrollo del SEL y en la pr\u00e1ctica de Mindfulness en la educaci\u00f3n, como cofundadora de la <em>Collaborative for Academic, Social and Emotional Learning<\/em> (<a href=\"http:\/\/www.casel.org\/\" target=\"_blank\" rel=\"noreferrer noopener\">CASEL<\/a>) y otros programas de SEL y Mindfulness basados en la investigaci\u00f3n. Con m\u00e1s de 40 a\u00f1os de experiencia, Linda ha aprendido que <em>tanto el SEL como&nbsp;<\/em> <em>Mindfulness<\/em> pueden ser necesarios para realmente marcar una diferencia en la vida de los estudiantes y en el mundo.&nbsp;<\/p>\n\n\n\n<p>Pero \u00bfc\u00f3mo se pueden integrar? La respuesta es que uno trabaja de afuera hacia adentro y el otro trabaja de adentro hacia afuera. Cuando los dos se unen en la mente de un estudiante, el efecto puede ser poderoso.&nbsp;<\/p>\n\n\n\n<p><strong>La diferencia entre el SEL y Mindfulness<\/strong>&nbsp;<\/p>\n\n\n\n<p>Para empezar, el SEL utiliza una aproximaci\u00f3n de afuera hacia adentro enfoc\u00e1ndose en las habilidades de ense\u00f1anza: un maestro presenta una habilidad como reconocer una emoci\u00f3n o usar mensajes &#8220;Yo&#8221;; los estudiantes la practican durante un per\u00edodo de tiempo determinado, y luego el maestro se mueve a la siguiente habilidad. El SEL asume que este proceso es suficiente para permitir que los estudiantes utilicen la habilidad en todas las situaciones relevantes de la vida real.&nbsp;<\/p>\n\n\n\n<p>Por el otro lado, mindfulness funciona de adentro hacia afuera, bas\u00e1ndose en la premisa de que cada persona tiene la capacidad innata para desarrollar cualidades prosociales como la empat\u00eda y la bondad, una premisa que ahora la investigaci\u00f3n respalda.<\/p>\n\n\n\n<p>Al ayudar a los estudiantes a tomar conciencia y luego incorporar la conexi\u00f3n entre sus emociones, pensamientos y sensaciones corporales, ellos pueden regular mejor sus emociones, lo que luego impacta en aspectos como su conducta, sus niveles de estr\u00e9s, sus relaciones y su capacidad para enfocarse. En resumen, las pr\u00e1cticas de Mindfulness conectan las experiencias internas y externas de los estudiantes y les ayudan a ver la congruencia entre ambas.&nbsp;<\/p>\n\n\n\n<p><strong>Cultivando<\/strong><strong> a la par<\/strong>&nbsp;<\/p>\n\n\n\n<p>Sin embargo, el SEL y Mindfulness est\u00e1n limitados a su manera. Decirle a los estudiantes que usen un mensaje \u201cYo\u201d cuando se enojen no garantiza que lo har\u00e1n cuando sus emociones est\u00e9n a flor de piel. Y el hecho de que alguien practique el Mindfulness no significa que tenga las habilidades para resolver los conflictos.&nbsp;<\/p>\n\n\n\n<p>Linda se dio cuenta de la limitaci\u00f3n del SEL cuando un estudiante al que se le hab\u00edan ense\u00f1ado habilidades de SEL a trav\u00e9s del Programa de Soluci\u00f3n Creativa de Problemas perdi\u00f3 el control de s\u00ed mismo. El chico hab\u00eda estado sirviendo como mediador de conflictos en su escuela secundaria cuando escuch\u00f3 el estallido de unos globos. Al tercer estallido, empuj\u00f3 al estudiante que estaba reventando los globos contra la pared.<\/p>\n\n\n\n<p>El director llam\u00f3 a Linda y le dijo: \u201cNo s\u00e9 qu\u00e9 pas\u00f3 aqu\u00ed. S\u00e9 que \u00e9l tiene las habilidades del SEL. Voy a tener que suspenderlo y ya no volver\u00e1 a ser mediador.\u201d Cuando Linda habl\u00f3 con el estudiante, se enter\u00f3 que en un momento de su vida le hab\u00edan metido un arma cargada en la boca que, afortunadamente, no se dispar\u00f3. Ella r\u00e1pidamente se dio cuenta de que debido a que el estallido de un globo suena como un arma de fuego, el estudiante se sinti\u00f3 provocado y atacado emocionalmente.&nbsp;<\/p>\n\n\n\n<p>Entonces, aunque el estudiante sab\u00eda c\u00f3mo mediar en conflictos -una habilidad est\u00e1ndar del SEL-, debido a que su am\u00edgdala lo hab\u00eda \u201csecuestrado\u201d, no pudo acceder a esas habilidades cuando realmente las necesitaba. Si el entrenamiento de este estudiante hubiera incluido Mindfulness, habr\u00eda sido m\u00e1s probable que notara que algo estaba sucediendo en su cuerpo cuando escuch\u00f3 el estallido de los globos. Con esta conciencia, hubiera elegido regular sus emociones a trav\u00e9s de la respiraci\u00f3n profunda o alguna otra t\u00e9cnica y luego usar las habilidades que hab\u00eda aprendido a trav\u00e9s de RCCP.&nbsp;<\/p>\n\n\n\n<p>Por otro lado, los ni\u00f1os que simplemente aprenden Mindfulness sin habilidades de SEL pueden ser capaces de calmar sus emociones en una situaci\u00f3n dif\u00edcil, pero aun as\u00ed tomar decisiones equivocadas cuando se trata de llevarse bien con los dem\u00e1s. Por ejemplo, los estudiantes que tienen un apego inseguro -lo que significa que no han tenido una relaci\u00f3n segura y de confianza con un cuidador principal- pueden tener la creencia de que, en general, no se debe confiar en las personas; por lo tanto, estos estudiantes pueden que no posean las habilidades para formar relaciones positivas con compa\u00f1eros y maestros.&nbsp;<\/p>\n\n\n\n<p><strong>Integrando SEL y <\/strong><strong>mindfulness<\/strong>&nbsp;<\/p>\n\n\n\n<p>&nbsp;Cuando el SEL y Mindfulness se integran, las cinco competencias del SEL establecidas por CASEL tienen un terreno m\u00e1s f\u00e9rtil para crecer y, en \u00faltima instancia, ser incorporadas tanto por estudiantes como por adultos. Por ejemplo:<\/p>\n\n\n\n<p><strong><em>Competencia 1: Autoconciencia<\/em><\/strong>&nbsp;<\/p>\n\n\n\n<p><strong><em>&nbsp;<\/em><\/strong>La autoconciencia de los estudiantes se profundiza cuando se ve reforzada por las pr\u00e1cticas del mindfulness de atenci\u00f3n enfocada y autocompasi\u00f3n.&nbsp;<\/p>\n\n\n\n<p><strong><em>Competencia 2: Autocontrol&nbsp;<\/em><\/strong>&nbsp;<\/p>\n\n\n\n<p>Mindfulness aumenta las habilidades de regulaci\u00f3n de las emociones de los estudiantes, lo que mejora su capacidad para resolver conflictos de manera m\u00e1s creativa o para decir c\u00f3mo se sienten de una manera emocionalmente equilibrada.&nbsp;<\/p>\n\n\n\n<p><strong><em>Competencia 3: Conciencia social&nbsp;<\/em><\/strong>&nbsp;<\/p>\n\n\n\n<p>Mindfulness aumenta la empat\u00eda de los estudiantes al ayudarlos a regular sus emociones en lugar de sentirse abrumados emocionalmente cuando se enfrentan a una situaci\u00f3n dif\u00edcil. Como resultado, aumenta su capacidad para percibir el sufrimiento de otra persona y responder a eso.&nbsp;<\/p>\n\n\n\n<p><strong><em>Competencia 4: Habilidades para relacionarse&nbsp;<\/em><\/strong>&nbsp;<\/p>\n\n\n\n<p>Mindfulness aumenta la compasi\u00f3n. Por lo tanto, cuando los estudiantes practican las habilidades del SEL, como crear una soluci\u00f3n en la que todos salgan ganando con alguien que los desaf\u00eda, lo hacen con un entendimiento m\u00e1s compasivo.&nbsp;<\/p>\n\n\n\n<p><strong><em>Competencia 5: Toma de decisiones responsables&nbsp;<\/em><\/strong>&nbsp;<\/p>\n\n\n\n<p>Mindfulness aumenta la flexibilidad cognitiva y la creatividad, lo que brinda a los estudiantes un mayor rango de respuestas ante situaciones desafiantes.&nbsp;<\/p>\n\n\n\n<p><strong>Siendo <\/strong><strong>el cambio en el mundo<\/strong>&nbsp;<\/p>\n\n\n\n<p>En \u00faltima instancia, cuando se ense\u00f1an y aprenden juntos, mindfulness y el SEL tienen el potencial de transformar nuestras comunidades y nuestro mundo, ya que el primero cultiva las tendencias por la compasi\u00f3n y las formas de vida \u00e9ticas y el segundo ense\u00f1a las habilidades para hacer que eso suceda.&nbsp;<\/p>\n\n\n\n<p>Linda vio este potencial mientras trabajaba con escuelas en Nueva Orleans, cuando la ciudad ten\u00eda el \u00edndice m\u00e1s alto del pa\u00eds por tiroteos diarios. Un d\u00eda, cuando estaba ense\u00f1ando a los estudiantes habilidades del SEL, una sirena se activ\u00f3 en la escuela y todos los ni\u00f1os se escondieron debajo de sus mesas. Un ni\u00f1o le dijo a Linda: \u201cSe\u00f1ora, se\u00f1ora, por favor ag\u00e1chese y c\u00fabrase. Por favor ag\u00e1chese y c\u00fabrase&#8221;. Entonces, Linda se dio cuenta de que hab\u00eda un tiroteo afuera y que las balas podr\u00edan entrar por las ventanas del aula. Fue tan impactante la situaci\u00f3n que hizo que Linda se preguntara si realmente hab\u00eda alg\u00fan valor en las habilidades que les estaba ense\u00f1ando a esos ni\u00f1os.\u00a0<\/p>\n\n\n\n<p>M\u00e1s tarde, le pregunt\u00f3 a ese grupo de estudiantes de quinto grado: &#8220;\u00bfCu\u00e1ntos de ustedes han estado usando estas habilidades?&#8221; y todos levantaron la mano. Pero un ni\u00f1o dijo: \u201cSabe, es muy triste. Estamos usando estas habilidades, pero luego salimos y vemos cosas terribles. Ayer vi que asesinaron a alguien.&#8221; Luego Linda les pregunt\u00f3 a todos los estudiantes: &#8220;\u00bfCu\u00e1ntos de ustedes han visto alg\u00fan asesinado?&#8221; Una vez m\u00e1s, todos levantaron la mano.&nbsp;<\/p>\n\n\n\n<p>Pero luego otro ni\u00f1o levant\u00f3 la mano y dijo: \u201cEspere un momento, s\u00f3lo pens\u00e9 en una cosa. Me di cuenta que a pesar de que esos ni\u00f1os malos y adultos malos est\u00e1n ah\u00ed fuera, muy pronto <em>vamos a crecer y seremos esos adultos. <\/em>Y ah\u00ed es donde va a cambiar. As\u00ed es como cambiar\u00e1 para bien.&#8221;&nbsp;<\/p>\n\n\n\n<p>Y as\u00ed <em>es <\/em>como cambiar\u00e1 para bien.&nbsp;<\/p>\n\n\n\n<hr class=\"wp-block-separator is-style-wide\"\/>\n\n\n\n<p><strong>Cita este art\u00edculo as\u00ed:<\/strong>&nbsp;<\/p>\n\n\n\n<p>Lantieri, L. y Zakrzewski (20 de abril de 2021). <em>C\u00f3mo pueden trabajar juntos el Aprendizaje Socioemocional y el Mindfulness<\/em>, en Mindfulness en educaci\u00f3n <a href=\"https:\/\/mindfulnesseducacion.com\/articulos\/wp-admin\/post.php?post=1&amp;action=edit\" title=\"https:\/\/mindfulnesseducacion.com\/articulos\/wp-admin\/post.php?post=1&amp;action=edit\">www.mindfunesseducacion.com\/&nbsp;<\/a><\/p>\n\n\n\n<p>* <em>Aprendizaje Socioemocional<\/em> es el t\u00e9rmino por el que se conocen los programas de formaci\u00f3n en habilidades emocionales y sociales de los aprendientes en el contexto anglosaj\u00f3n. En Latino e Iberoam\u00e9rica, esa acepci\u00f3n corresponde a los programas de <em>Educaci\u00f3n Socioemocional<\/em> (ESE). Aunque ambos t\u00e9rminos son com\u00fanmente utilizados como equivalentes, ERES EduLab reconoce que la educaci\u00f3n y el aprendizaje con proceso rlacionados pero diferenciados. As\u00ed, la educaci\u00f3n puede sr entedida como un proceso dual: por un lado,  la acci\u00f3n docente de <em>guiar<\/em> [educare], en tanto ejerce una influencia desde afuera hacia adentro; por el oro lado la educaci\u00f3n es la acci\u00f3n de desarrollar de adentro hacia afuera [ex-ducere] las potencialidades individuales de una manera relativamente aut\u00f3noma y usando los recursos propios. El art\u00edculo de Lantieri y Zakrzewsky proponen que ambas partes del proceso educativo se complementan: en tanto proceso de ense\u00f1anza, el docente promueve la adquisici\u00f3n de saberes socioemocionales; en tanto apendizaje, los ni\u00f1os,adolescentes y j\u00f3venes desarrollan habilidades emocionales  y sociales de adentro hacia afuera.<\/p>\n\n\n\n<hr class=\"wp-block-separator\"\/>\n\n\n\n<p id=\"referencia\"><sup><a href=\"#ref\">1<\/a> <\/sup>Fuente:&nbsp;<br>Lantieri, L. &amp; Zakrzewski (15 de abril de 2015). <em>How SEL and Mindfulness Can Work Together.<\/em> Greater Good Magazine<em>. <\/em><a href=\"https:\/\/greatergood.berkeley.edu\/article\/item\/how_social_emotional_learning_and_mindfulness_can_work_together\" target=\"_blank\" rel=\"noreferrer noopener\">https:\/\/greatergood.berkeley.edu\/article\/item\/how_social_emotional_learning_and_mindfulness_can_work_together<\/a>&nbsp;<\/p>\n\n\n\n<p id=\"fuente\"><sup><a href=\"#traduccion\">2<\/a> <\/sup>Publicado con autorizaci\u00f3n&nbsp;<\/p>\n\n\n\n<h2 class=\"has-text-align-center\">Sobre los autores&nbsp;<\/h2>\n\n\n\n<div class=\"wp-block-image\"><figure class=\"aligncenter size-large is-resized\"><img loading=\"lazy\" src=\"https:\/\/mindfulnesseducacion.com\/articulos\/wp-content\/uploads\/2021\/04\/image.png\" alt=\"\" class=\"wp-image-27\" width=\"242\" height=\"242\" srcset=\"https:\/\/mindfulnesseducacion.com\/articulos\/wp-content\/uploads\/2021\/04\/image.png 165w, https:\/\/mindfulnesseducacion.com\/articulos\/wp-content\/uploads\/2021\/04\/image-150x150.png 150w\" sizes=\"(max-width: 242px) 100vw, 242px\" \/><\/figure><\/div>\n\n\n\n<p class=\"has-text-align-center\"><strong><a href=\"https:\/\/greatergood.berkeley.edu\/profile\/linda_lantieri\" target=\"_blank\" rel=\"noreferrer noopener\">Linda Lantieri<\/a>&nbsp;<\/strong><\/p>\n\n\n\n<p>Lic. Linda Lantieri, ha estado en el campo de la educaci\u00f3n durante m\u00e1s de 40 a\u00f1os como maestra, administradora y profesora de educaci\u00f3n en Hunter College. Actualmente se desempe\u00f1a como Asesora Superior de Programas para la <em>Collaborative<\/em><em> <\/em><em>for<\/em><em> <\/em><em>Academic<\/em><em>, Social and <\/em><em>Emotional<\/em><em> <\/em><em>Learning<\/em> (CASEL) y es la Directora del Programa de Resiliencia Interior, cuya misi\u00f3n es cultivar la vida interior de estudiantes, profesores y escuelas mediante la integraci\u00f3n social y <a href=\"http:\/\/www.amazon.com\/gp\/product\/1591797896\/ref%3Das_li_tl?ie=UTF8&amp;camp=1789&amp;creative=390957&amp;creativeASIN=1591797896&amp;linkCode=as2&amp;tag=gregooscicen-20&amp;linkId=23PIOOWS5XPYQGFU\" target=\"_blank\" rel=\"noreferrer noopener\">el aprendizaje emocional con la pr\u00e1ctica contemplativa. Es la autora de <em>Building Emotional Intelligence: Techniques to Cultivate Inner Strength in Children <\/em>(Sounds True, 2014).<\/a>&nbsp;<\/p>\n\n\n\n<hr class=\"wp-block-separator is-style-dots\"\/>\n\n\n\n<div class=\"wp-block-image\"><figure class=\"aligncenter size-large is-resized\"><img loading=\"lazy\" src=\"https:\/\/mindfulnesseducacion.com\/articulos\/wp-content\/uploads\/2021\/04\/image-1.png\" alt=\"\" class=\"wp-image-28\" width=\"229\" height=\"229\" srcset=\"https:\/\/mindfulnesseducacion.com\/articulos\/wp-content\/uploads\/2021\/04\/image-1.png 165w, https:\/\/mindfulnesseducacion.com\/articulos\/wp-content\/uploads\/2021\/04\/image-1-150x150.png 150w\" sizes=\"(max-width: 229px) 100vw, 229px\" \/><\/figure><\/div>\n\n\n\n<p class=\"has-text-align-center\"><a href=\"https:\/\/greatergood.berkeley.edu\/profile\/vicki_zakrzewski\" target=\"_blank\" rel=\"noreferrer noopener\"><strong>Vicki <\/strong><strong>Zakrzewski<\/strong><\/a><strong><\/strong>&nbsp;<\/p>\n\n\n\n<p>Dra. Vicki Zakrzewski, es la directora de educaci\u00f3n del Greater Good Science Center.&nbsp;<\/p>\n\n\n\n<hr class=\"wp-block-separator is-style-dots\"\/>\n\n\n\n<h2 class=\"has-text-align-center\">Direcci\u00f3n y edici\u00f3n&nbsp;&nbsp;<\/h2>\n\n\n\n<div class=\"wp-block-image\"><figure class=\"aligncenter size-large is-resized\"><img loading=\"lazy\" src=\"https:\/\/mindfulnesseducacion.com\/articulos\/wp-content\/uploads\/2021\/04\/circle-cropped.png\" alt=\"\" class=\"wp-image-34\" width=\"223\" height=\"223\" srcset=\"https:\/\/mindfulnesseducacion.com\/articulos\/wp-content\/uploads\/2021\/04\/circle-cropped.png 270w, https:\/\/mindfulnesseducacion.com\/articulos\/wp-content\/uploads\/2021\/04\/circle-cropped-150x150.png 150w, https:\/\/mindfulnesseducacion.com\/articulos\/wp-content\/uploads\/2021\/04\/circle-cropped-200x200.png 200w\" sizes=\"(max-width: 223px) 100vw, 223px\" \/><\/figure><\/div>\n\n\n\n<p class=\"has-text-align-center\"><a href=\"https:\/\/mindfulnesseducacion.com\/silviapinero.html\" target=\"_blank\" rel=\"noreferrer noopener\"><strong>Silvia Pi\u00f1ero<\/strong><\/a><\/p>\n\n\n\n<ul><li>Directora del Laboratorio de educaci\u00f3n reflexiva emocional y social ERES EduLab<\/li><li>Ph (C). en Investigaci\u00f3n Educativa. Universidad Veracruzana (UV)\u200b<\/li><li>Instructora de Mindfulness con \u00c9nfasis en Metacognici\u00f3n&nbsp;<a href=\"https:\/\/metamindful.tentokai.com\">Instituto de Mindfulness con \u00c9nfasis en Metacognici\u00f3n<\/a> y Programa Eco-Di\u00e1logo de Saberes (UV).<\/li><li>Graduada del programa&nbsp;Mindful Educator Essentials Organizaci\u00f3n<a href=\"http:\/\/www.mindfulschools.org\">&nbsp;Mindful Schools\u200b<\/a><\/li><li>Graduada del Programa&nbsp;Trauma Informed Resilient Schools.<a href=\"https:\/\/starr.org\">&nbsp;Starr.org\u200b<\/a><\/li><li>Facilitador certificado en&nbsp;Habilidades de Pensamiento Cr\u00edtico y Creativo y Soluci\u00f3n de Problemas&nbsp;con m\u00e1s de 10 a\u00f1os de experiencia. <a href=\"https:\/\/www.uv.mx\/personal\/spinero\/\">Universidad Veracruzana<\/a><\/li><li>Ha publicado en revistas cient\u00edficas nacionales.\u200b<\/li><\/ul>\n\n\n\n<center><div class=\"wp-block-image\"><a href=\"https:\/\/mindfulnesseducacion.com\"><figure class=\"aligncenter size-large\"><img loading=\"lazy\" width=\"202\" height=\"184\" src=\"https:\/\/mindfulnesseducacion.com\/articulos\/wp-content\/uploads\/2021\/04\/logoo.png\" alt=\"\" class=\"wp-image-46\"><figcaption>Ir a Mindfulness en Educaci\u00f3n M\u00e9xico<\/figcaption><\/figure><\/a><\/div><\/center>\n\n\n\n<p><\/p>\n","protected":false},"excerpt":{"rendered":"<p>Cuando se ense\u00f1an juntos, el aprendizaje socioemocional y Mindfulness pueden tener un impacto a\u00fan mayor tanto en las personas como en el mundo que nos&#46;&#46;&#46;<\/p>\n","protected":false},"author":1,"featured_media":51,"comment_status":"open","ping_status":"open","sticky":false,"template":"","format":"standard","meta":{"om_disable_all_campaigns":false,"_monsterinsights_skip_tracking":false,"_monsterinsights_sitenote_active":false,"_monsterinsights_sitenote_note":"","_monsterinsights_sitenote_category":0},"categories":[1],"tags":[],"_links":{"self":[{"href":"https:\/\/mindfulnesseducacion.com\/articulos\/index.php\/wp-json\/wp\/v2\/posts\/1"}],"collection":[{"href":"https:\/\/mindfulnesseducacion.com\/articulos\/index.php\/wp-json\/wp\/v2\/posts"}],"about":[{"href":"https:\/\/mindfulnesseducacion.com\/articulos\/index.php\/wp-json\/wp\/v2\/types\/post"}],"author":[{"embeddable":true,"href":"https:\/\/mindfulnesseducacion.com\/articulos\/index.php\/wp-json\/wp\/v2\/users\/1"}],"replies":[{"embeddable":true,"href":"https:\/\/mindfulnesseducacion.com\/articulos\/index.php\/wp-json\/wp\/v2\/comments?post=1"}],"version-history":[{"count":35,"href":"https:\/\/mindfulnesseducacion.com\/articulos\/index.php\/wp-json\/wp\/v2\/posts\/1\/revisions"}],"predecessor-version":[{"id":84,"href":"https:\/\/mindfulnesseducacion.com\/articulos\/index.php\/wp-json\/wp\/v2\/posts\/1\/revisions\/84"}],"wp:featuredmedia":[{"embeddable":true,"href":"https:\/\/mindfulnesseducacion.com\/articulos\/index.php\/wp-json\/wp\/v2\/media\/51"}],"wp:attachment":[{"href":"https:\/\/mindfulnesseducacion.com\/articulos\/index.php\/wp-json\/wp\/v2\/media?parent=1"}],"wp:term":[{"taxonomy":"category","embeddable":true,"href":"https:\/\/mindfulnesseducacion.com\/articulos\/index.php\/wp-json\/wp\/v2\/categories?post=1"},{"taxonomy":"post_tag","embeddable":true,"href":"https:\/\/mindfulnesseducacion.com\/articulos\/index.php\/wp-json\/wp\/v2\/tags?post=1"}],"curies":[{"name":"wp","href":"https:\/\/api.w.org\/{rel}","templated":true}]}}