{"id":1,"date":"2021-04-07T21:31:11","date_gmt":"2021-04-07T21:31:11","guid":{"rendered":"https:\/\/mindfulnesseducacion.com\/talleres\/?p=1"},"modified":"2024-02-06T16:09:40","modified_gmt":"2024-02-06T16:09:40","slug":"mindful-children","status":"publish","type":"post","link":"https:\/\/mindfulnesseducacion.com\/talleres\/index.php\/2021\/04\/07\/mindful-children\/","title":{"rendered":"Mindful Children"},"content":{"rendered":"<div class=\"wp-block-image is-style-rounded\">\n<figure class=\"aligncenter size-full is-resized\"><img decoding=\"async\" loading=\"lazy\" width=\"719\" height=\"480\" src=\"https:\/\/mindfulnesseducacion.com\/talleres\/wp-content\/uploads\/2023\/08\/15.jpeg\" alt=\"\" class=\"wp-image-278\" style=\"aspect-ratio:1.4979166666666666;width:593px;height:auto\" srcset=\"https:\/\/mindfulnesseducacion.com\/talleres\/wp-content\/uploads\/2023\/08\/15.jpeg 719w, https:\/\/mindfulnesseducacion.com\/talleres\/wp-content\/uploads\/2023\/08\/15-300x200.jpeg 300w\" sizes=\"(max-width: 719px) 100vw, 719px\" \/><\/figure><\/div>\n\n\n<h3 class=\"wp-block-heading has-text-align-center has-text-color has-large-font-size\" style=\"color:#3b076b;font-style:normal;font-weight:500\">\u00bfC\u00f3mo podemos ayudarte?<\/h3>\n\n\n\n<p class=\"has-medium-font-size\">Los ni\u00f1os y adolescentes necesitan ayuda para conocerse y regular su mundo interior: su pensamientos, emociones y motivaciones. Ellos construyen su versi\u00f3n del mundo a partir de sus experiencias, las cuales moldean sus creencias y valores y metas en la vida. Al mismo tiempo est\u00e1n inmersos en infinidad de est\u00edmulos que los distraen de su camino.&nbsp;La inatenci\u00f3n y la distracci\u00f3n son males de nuestros tiempo que limitan el bienestar y el desarrollo mental, emocional y espiritual de los ni\u00f1os. La simple pr\u00e1ctica de Mindfulness ayuda a tus hijos a combatir esos patrones da\u00f1inos.  <\/p>\n\n\n\n<p><\/p>\n\n\n\n<h5 class=\"wp-block-heading has-text-align-center has-text-color has-large-font-size\" style=\"color:#3b076b;font-style:normal;font-weight:500\"><strong>\u00bfEn verdad puede y necesita mi hijo practicar Mindfulness?<\/strong>&nbsp;<\/h5>\n\n\n\n<p>Mindfulness (Conciencia Plena) es la habilidad de mantener la atenci\u00f3n en la experiencia del momento presente, notando y gestionando lo que ocurre en la mente con curiosidad, compromiso y aceptaci\u00f3n.&nbsp;Es una habilidad humana que hemos perdido por la influencia de nuestro entorno, pero puede ser entrenada en cualquier momento.<\/p>\n\n\n\n<p><\/p>\n\n\n\n<p>Con el programa Mindful Children ayudo a los ni\u00f1os y adolescentes a entrenar su mente para que ocurra un reaprendizaje de habilidades cognitivas, emocionales y de conducta. Mediante la pr\u00e1ctica continua se reconfiguran funciones mentales que fortalecen su autoconocimineto, autogesti\u00f3n y autoestima, y desarrolla actitudes reflexivas, compasivas y bondadosas. La memoria de trabajo, la regulaci\u00f3n emocional y otras funciones ejecutivas se desarrollan y ellos aprenden se vuelven m\u00e1s conscientes de sus estados mentales; son capaces de identificar sus reacciones emocionales y comportamientos impulsivos, cambi\u00e1ndolos por respuestas conscientes y responsables.\u00a0<\/p>\n\n\n\n<p>Mindful Children es un programa de 8 semanas dirigido a ni\u00f1os y adolescentes que los ayuda a:&nbsp;&nbsp;<\/p>\n\n\n\n<ul>\n<li>Desarrollar su conciencia del Yo&nbsp;<\/li>\n\n\n\n<li>Autorregular emociones y conductas<\/li>\n\n\n\n<li>Tomar conciencia de los dem\u00e1s, desarrollando empat\u00eda y compasi\u00f3n<\/li>\n\n\n\n<li>Tomar decisiones responsables<\/li>\n\n\n\n<li>Reducir la ansiedad, el estr\u00e9s t\u00f3xico y la depresi\u00f3n<\/li>\n\n\n\n<li>Mejorar el desempe\u00f1o escolar y en otras \u00e1reas<\/li>\n\n\n\n<li>Ser m\u00e1s pac\u00edficos, alegres y con confianza en s\u00ed mismos.<\/li>\n<\/ul>\n\n\n\n<p>Daniel Goleman, autor de la teor\u00eda de la <em>inteligencia emocional<\/em>, destac\u00f3 la importancia de entrenar la atenci\u00f3n:<\/p>\n\n\n\n<blockquote class=\"wp-block-quote has-text-align-center\">\n<pre class=\"wp-block-verse has-text-align-center has-black-color has-text-color has-background has-medium-font-size\" style=\"background-color:#84e7c0;font-style:normal;font-weight:600\"><em>\"La atenci\u00f3n es un elemento esencial para ayudar a los ni\u00f1os a gestionar mejor su mundo interior y potenciar el aprendizaje; [su] entrenamiento parece una medida obvia en el SEL [Aprendizaje Socioemocional]. Los ni\u00f1os deben prestar atenci\u00f3n a la atenci\u00f3n propiamente dicha.\u201d <\/em>- (Goleman &amp; Senge, 2014, p. 29).<\/pre>\n<\/blockquote>\n\n\n\n<h2 class=\"wp-block-heading has-text-align-center\">\u00a1No dejes pasar el tiempo! <\/h2>\n\n\n\n<p class=\"has-text-align-center has-medium-font-size\"><strong>Lo que hagas por tu hijo ahora se ver\u00e1 reflejado cuando sea un adulto&nbsp;<\/strong><\/p>\n\n\n\n<p class=\"has-vivid-cyan-blue-color has-text-color\"><em>Ni\u00f1os atentos y conscientes<\/em><\/p>\n\n\n\n<p>Es un taller 100% pr\u00e1ctico de ocho semanas de entrenamiento mental en t\u00e9cnicas de Mindfulness especialmente para ni\u00f1os y adolescentes. Los efectos de la pr\u00e1ctica de Mindfulness en las redes neuronales aparece tras un m\u00ednimo de ocho semanas de pr\u00e1ctica.<\/p>\n\n\n\n<p class=\"has-text-align-center has-black-color has-pale-cyan-blue-background-color has-text-color has-background has-medium-font-size\"><strong>Contenidos del programa<\/strong><\/p>\n\n\n\n<ul>\n<li>Atenci\u00f3n en los seis sentidos<\/li>\n\n\n\n<li>Consciencia corporal<\/li>\n\n\n\n<li>Comunicaci\u00f3n consciente<\/li>\n\n\n\n<li>Amabilidad, generosidad y gratitud<\/li>\n\n\n\n<li>Atenci\u00f3n en la respiraci\u00f3n<\/li>\n\n\n\n<li>Movimientos conscientes<\/li>\n\n\n\n<li>Consciencia de los pensamientos<\/li>\n\n\n\n<li>Las emociones<\/li>\n\n\n\n<li>Responder vs reaccionar<\/li>\n\n\n\n<li>Alimentaci\u00f3n consciente\/Mindful eating<\/li>\n\n\n\n<li>Estudiar con Atenci\u00f3n plena<\/li>\n\n\n\n<li>Amabilidad y autocompasi\u00f3n<\/li>\n<\/ul>\n\n\n\n<p class=\"has-text-align-center has-black-color has-pale-cyan-blue-background-color has-text-color has-background has-medium-font-size\"><strong>Horarios<\/strong>:<\/p>\n\n\n\n<p><strong>Grupo 1: <\/strong>Ni\u00f1os (6 a 11 a\u00f1os). Martes, mi\u00e9rcoles, jueves y viernes <\/p>\n\n\n\n<p>Turno matutino:  De 9:30 a 10:00<\/p>\n\n\n\n<p>Turno vespertino: De 16:30 a 17:15Hrs <\/p>\n\n\n\n<p><strong>Grupo 2: <\/strong>Adolescentes (12 a 15 a\u00f1os). Martes, mi\u00e9rcoles, jueves y viernes <\/p>\n\n\n\n<p>Turno matutino: De 10:15 a 10:45<\/p>\n\n\n\n<p>Turno vespertino: De 17:30 a 18:00 Hrs.<\/p>\n\n\n\n<p class=\"has-text-align-center has-black-color has-luminous-vivid-orange-background-color has-text-color has-background has-medium-font-size\"><strong>Pago mensual: $399.00  <\/strong>\u00a1<strong>A s\u00f3lo $25.00 Mx cada sesi\u00f3n<\/strong>!<\/p>\n\n\n\n<p class=\"has-text-align-center has-black-color has-vivid-cyan-blue-background-color has-text-color has-background has-medium-font-size\"><strong>Inicio: 12 de Feb<\/strong>rero de 2024<strong>                                                                                                                                    La apertura de cada grupo est\u00e1 sujeta a la incorporaci\u00f3n de 5 participantes.<\/strong>                                                    <strong>\u00a1Arma tu grupo! <\/strong>                                                  <\/p>\n\n\n\n<p class=\"has-text-align-center\"><\/p>\n\n\n\n<p class=\"has-text-align-center has-medium-font-size\"><strong>Modalidad a elegir: <\/strong><\/p>\n\n\n\n<p>Presencial en Lomas Verdes<\/p>\n\n\n\n<p>En l\u00ednea, mediante  videoconferencia por Zoom.<\/p>\n\n\n\n<p><strong>Central Standard Time (CST) Cd. de M\u00e9xico<\/strong><\/p>\n\n\n\n<p><strong>Metodolog\u00eda: de trabajo:<\/strong><\/p>\n\n\n\n<ul>\n<li>El practicante del taller asiste a la sesi\u00f3n presencial o se conecta por Zoom con la ayuda y supervisi\u00f3n de un adulto <strong>de diez a cinco minutos<\/strong> antes de la hora de inicio de la sesi\u00f3n.  <\/li>\n\n\n\n<li>El participante practica media hora diariamente por cuatro d\u00edas a la semana<\/li>\n\n\n\n<li>La pr\u00e1ctica incluye sesi\u00f3n de Mindfulness y retroalimentaci\u00f3n reflexiva.<\/li>\n\n\n\n<li>La pr\u00e1ctica no incluye materiales: un coj\u00edn y una manta, y materiales cotidianos adicionales seg\u00fan la pr\u00e1ctica<\/li>\n\n\n\n<li>Se incluye acompa\u00f1amiento pedag\u00f3gico para padres y\/o cuidadores consistente en:\n<ul>\n<li> Blog Mindfulness en educaci\u00f3n.<\/li>\n\n\n\n<li>Una sesi\u00f3n quincenal de asesor\u00eda<\/li>\n<\/ul>\n<\/li>\n<\/ul>\n\n\n\n<p><\/p>\n\n\n\n<script async\n  src=\"https:\/\/js.stripe.com\/v3\/buy-button.js\">\n<\/script>\n\n<stripe-buy-button\n  buy-button-id=\"buy_btn_1OgabBDjeSp7hE1T0EyXMLN2\"\n  publishable-key=\"pk_live_51NckmWDjeSp7hE1TpbvJY4p3yj7s1lxa5vqAtAsIa4JFvURWQ1BPhiB2vdEpM8uMVa3tDnQAYhl1OQNrcjkkU2lb00iGq0SyX0\"\n>\n<\/stripe-buy-button>\n\n\n\n<p>\u00bfQuieres una prueba gratuita? Inscribe gratuitamente a tu hijo a una clase muestra presencial o en l\u00ednea por medio de nuestro sitio web y redes sociales:<\/p>\n\n\n\n\n\n<ul class=\"wp-block-social-links is-layout-flex wp-block-social-links-is-layout-flex\"><li class=\"wp-social-link wp-social-link-chain  wp-block-social-link\"><a href=\"https:\/\/happy-thinkers.com\/\" class=\"wp-block-social-link-anchor\"><svg width=\"24\" height=\"24\" viewBox=\"0 0 24 24\" version=\"1.1\" xmlns=\"http:\/\/www.w3.org\/2000\/svg\" aria-hidden=\"true\" focusable=\"false\"><path d=\"M15.6,7.2H14v1.5h1.6c2,0,3.7,1.7,3.7,3.7s-1.7,3.7-3.7,3.7H14v1.5h1.6c2.8,0,5.2-2.3,5.2-5.2,0-2.9-2.3-5.2-5.2-5.2zM4.7,12.4c0-2,1.7-3.7,3.7-3.7H10V7.2H8.4c-2.9,0-5.2,2.3-5.2,5.2,0,2.9,2.3,5.2,5.2,5.2H10v-1.5H8.4c-2,0-3.7-1.7-3.7-3.7zm4.6.9h5.3v-1.5H9.3v1.5z\"><\/path><\/svg><span class=\"wp-block-social-link-label screen-reader-text\">Link<\/span><\/a><\/li><\/ul>\n\n\n\n<ul class=\"wp-block-social-links is-layout-flex wp-block-social-links-is-layout-flex\"><li class=\"wp-social-link wp-social-link-whatsapp  wp-block-social-link\"><a href=\"https:\/\/2282274777\" class=\"wp-block-social-link-anchor\"><svg width=\"24\" height=\"24\" viewBox=\"0 0 24 24\" version=\"1.1\" xmlns=\"http:\/\/www.w3.org\/2000\/svg\" aria-hidden=\"true\" focusable=\"false\"><path d=\"M 12.011719 2 C 6.5057187 2 2.0234844 6.478375 2.0214844 11.984375 C 2.0204844 13.744375 2.4814687 15.462563 3.3554688 16.976562 L 2 22 L 7.2324219 20.763672 C 8.6914219 21.559672 10.333859 21.977516 12.005859 21.978516 L 12.009766 21.978516 C 17.514766 21.978516 21.995047 17.499141 21.998047 11.994141 C 22.000047 9.3251406 20.962172 6.8157344 19.076172 4.9277344 C 17.190172 3.0407344 14.683719 2.001 12.011719 2 z M 12.009766 4 C 14.145766 4.001 16.153109 4.8337969 17.662109 6.3417969 C 19.171109 7.8517969 20.000047 9.8581875 19.998047 11.992188 C 19.996047 16.396187 16.413812 19.978516 12.007812 19.978516 C 10.674812 19.977516 9.3544062 19.642812 8.1914062 19.007812 L 7.5175781 18.640625 L 6.7734375 18.816406 L 4.8046875 19.28125 L 5.2851562 17.496094 L 5.5019531 16.695312 L 5.0878906 15.976562 C 4.3898906 14.768562 4.0204844 13.387375 4.0214844 11.984375 C 4.0234844 7.582375 7.6067656 4 12.009766 4 z M 8.4765625 7.375 C 8.3095625 7.375 8.0395469 7.4375 7.8105469 7.6875 C 7.5815469 7.9365 6.9355469 8.5395781 6.9355469 9.7675781 C 6.9355469 10.995578 7.8300781 12.182609 7.9550781 12.349609 C 8.0790781 12.515609 9.68175 15.115234 12.21875 16.115234 C 14.32675 16.946234 14.754891 16.782234 15.212891 16.740234 C 15.670891 16.699234 16.690438 16.137687 16.898438 15.554688 C 17.106437 14.971687 17.106922 14.470187 17.044922 14.367188 C 16.982922 14.263188 16.816406 14.201172 16.566406 14.076172 C 16.317406 13.951172 15.090328 13.348625 14.861328 13.265625 C 14.632328 13.182625 14.464828 13.140625 14.298828 13.390625 C 14.132828 13.640625 13.655766 14.201187 13.509766 14.367188 C 13.363766 14.534188 13.21875 14.556641 12.96875 14.431641 C 12.71875 14.305641 11.914938 14.041406 10.960938 13.191406 C 10.218937 12.530406 9.7182656 11.714844 9.5722656 11.464844 C 9.4272656 11.215844 9.5585938 11.079078 9.6835938 10.955078 C 9.7955938 10.843078 9.9316406 10.663578 10.056641 10.517578 C 10.180641 10.371578 10.223641 10.267562 10.306641 10.101562 C 10.389641 9.9355625 10.347156 9.7890625 10.285156 9.6640625 C 10.223156 9.5390625 9.737625 8.3065 9.515625 7.8125 C 9.328625 7.3975 9.131125 7.3878594 8.953125 7.3808594 C 8.808125 7.3748594 8.6425625 7.375 8.4765625 7.375 z\"><\/path><\/svg><span class=\"wp-block-social-link-label screen-reader-text\">WhatsApp<\/span><\/a><\/li><\/ul>\n\n\n\n<ul class=\"wp-block-social-links is-layout-flex wp-block-social-links-is-layout-flex\"><li class=\"wp-social-link wp-social-link-mail  wp-block-social-link\"><a href=\"mailto:contacto@happy-thinkers.com\" class=\"wp-block-social-link-anchor\"><svg width=\"24\" height=\"24\" viewBox=\"0 0 24 24\" version=\"1.1\" xmlns=\"http:\/\/www.w3.org\/2000\/svg\" aria-hidden=\"true\" focusable=\"false\"><path d=\"M19,5H5c-1.1,0-2,.9-2,2v10c0,1.1.9,2,2,2h14c1.1,0,2-.9,2-2V7c0-1.1-.9-2-2-2zm.5,12c0,.3-.2.5-.5.5H5c-.3,0-.5-.2-.5-.5V9.8l7.5,5.6,7.5-5.6V17zm0-9.1L12,13.6,4.5,7.9V7c0-.3.2-.5.5-.5h14c.3,0,.5.2.5.5v.9z\"><\/path><\/svg><span class=\"wp-block-social-link-label screen-reader-text\">Mail<\/span><\/a><\/li><\/ul>\n","protected":false},"excerpt":{"rendered":"<p>\u00bfC\u00f3mo podemos ayudarte? Los ni\u00f1os y adolescentes necesitan ayuda para conocerse y regular su mundo interior: su pensamientos, emociones y motivaciones. Ellos construyen su versi\u00f3n del&#46;&#46;&#46;<\/p>\n","protected":false},"author":1,"featured_media":23,"comment_status":"open","ping_status":"open","sticky":false,"template":"","format":"standard","meta":{"_monsterinsights_skip_tracking":false,"_monsterinsights_sitenote_active":false,"_monsterinsights_sitenote_note":"","_monsterinsights_sitenote_category":0,"footnotes":""},"categories":[1],"tags":[],"_links":{"self":[{"href":"https:\/\/mindfulnesseducacion.com\/talleres\/index.php\/wp-json\/wp\/v2\/posts\/1"}],"collection":[{"href":"https:\/\/mindfulnesseducacion.com\/talleres\/index.php\/wp-json\/wp\/v2\/posts"}],"about":[{"href":"https:\/\/mindfulnesseducacion.com\/talleres\/index.php\/wp-json\/wp\/v2\/types\/post"}],"author":[{"embeddable":true,"href":"https:\/\/mindfulnesseducacion.com\/talleres\/index.php\/wp-json\/wp\/v2\/users\/1"}],"replies":[{"embeddable":true,"href":"https:\/\/mindfulnesseducacion.com\/talleres\/index.php\/wp-json\/wp\/v2\/comments?post=1"}],"version-history":[{"count":35,"href":"https:\/\/mindfulnesseducacion.com\/talleres\/index.php\/wp-json\/wp\/v2\/posts\/1\/revisions"}],"predecessor-version":[{"id":457,"href":"https:\/\/mindfulnesseducacion.com\/talleres\/index.php\/wp-json\/wp\/v2\/posts\/1\/revisions\/457"}],"wp:featuredmedia":[{"embeddable":true,"href":"https:\/\/mindfulnesseducacion.com\/talleres\/index.php\/wp-json\/wp\/v2\/media\/23"}],"wp:attachment":[{"href":"https:\/\/mindfulnesseducacion.com\/talleres\/index.php\/wp-json\/wp\/v2\/media?parent=1"}],"wp:term":[{"taxonomy":"category","embeddable":true,"href":"https:\/\/mindfulnesseducacion.com\/talleres\/index.php\/wp-json\/wp\/v2\/categories?post=1"},{"taxonomy":"post_tag","embeddable":true,"href":"https:\/\/mindfulnesseducacion.com\/talleres\/index.php\/wp-json\/wp\/v2\/tags?post=1"}],"curies":[{"name":"wp","href":"https:\/\/api.w.org\/{rel}","templated":true}]}}