{"id":58,"date":"2024-02-05T21:29:42","date_gmt":"2024-02-05T21:29:42","guid":{"rendered":"https:\/\/mindfulnesseducacion.com\/talleres\/?p=58"},"modified":"2025-01-10T03:05:04","modified_gmt":"2025-01-10T03:05:04","slug":"mindfulness-en-la-escuela-mindful-schools","status":"publish","type":"post","link":"https:\/\/mindfulnesseducacion.com\/talleres\/index.php\/2024\/02\/05\/mindfulness-en-la-escuela-mindful-schools\/","title":{"rendered":"Mindfulness en la educaci\u00f3n"},"content":{"rendered":"\n<p class=\"has-small-font-size\">Conocida como la meditaci\u00f3n cient\u00edfica, Mindfulness es la pr\u00e1ctica de poner atenci\u00f3n en el momento, tiempo y espacio presentes. \u00bfQu\u00e9 significa esto? Mindfulness es una capacidad practic\u00e1ndola. No funciona pedir a los ni\u00f1os que pongan atenci\u00f3n a la clase; es necesario ense\u00f1arles a entrenar su atenci\u00f3n, su capacidad de concetraci\u00f3n y su memoria . <\/p>\n\n\n\n<p class=\"has-text-align-center has-black-color has-text-color has-medium-font-size\">El programa de <strong>Mindfulness Edulab<\/strong> est\u00e1 conformado por dos m\u00f3dulos: <\/p>\n\n\n\n<p class=\"has-small-font-size\">M\u00f3dulo 1: Aprender\u00e1s a aplicar en ti mismo la consciencia plena y as\u00ed estar\u00e1s capacitado para ense\u00f1ar a tus estudiantes. <sup data-fn=\"1a18eedc-de0c-46ed-a692-20305075dc98\" class=\"fn\"><a href=\"#1a18eedc-de0c-46ed-a692-20305075dc98\" id=\"1a18eedc-de0c-46ed-a692-20305075dc98-link\">1<\/a><\/sup>   <\/p>\n\n\n\n<p class=\"has-small-font-size\">M\u00f3dulo 2: Opcional. estr\u00e1s entrenado para ense\u00f1ar a tus estudiantes a regular su atenci\u00f3n y su concentraci\u00f3n, y as\u00ed ellos aprender\u00e1n t\u00e9cnicas probadas para autorregular sus emociones y sus conductas.<\/p>\n\n\n\n<p class=\"has-text-align-center has-vivid-purple-color has-text-color\"><span style=\"background-color:rgba(0, 0, 0, 0);color:#3e1366\" class=\"has-inline-color\"><strong>\u00bfPor qu\u00e9 practicar Mindfulness (Atenci\u00f3n Plena)?<\/strong><\/span><\/p>\n\n\n\n<p class=\"has-black-color has-text-color has-small-font-size\">Mindfulness es una habilidad que puede educarse mediante la pr\u00e1ctica de la atenci\u00f3n dirigida y sostenida, la cual desarrolla funciones mentales y psicol\u00f3gicas imprescindibles en la vida y el desempe\u00f1o cotidiano. La inatenci\u00f3n y la distracci\u00f3n afecta procesos intelectuales y afectivos y produce malestar, infelicidad y bajo desempe\u00f1o. <\/p>\n\n\n\n<p class=\"has-black-color has-text-color has-small-font-size\">La pr\u00e1ctica correcta de la meditaci\u00f3n Mindfulness favorece la creaci\u00f3n y la consolidaci\u00f3n de redes neuronales que propician estados mentales l\u00facidos y una mentalidad floreciente. Con la pr\u00e1ctica de Mindfulness se reeducan la mente, el pensamiento, las emociones y se desarrolla la estima propia y las relaciones positivas con las dem\u00e1s personas. Se potencian todas la capacidades de las personas y se encuentra el sentida de la existencia propia.<\/p>\n\n\n<div class=\"wp-block-image\">\n<figure class=\"aligncenter size-large is-resized\"><img decoding=\"async\" loading=\"lazy\" width=\"1024\" height=\"576\" src=\"https:\/\/mindfulnesseducacion.com\/talleres\/wp-content\/uploads\/2023\/09\/AdobeStock_298891646-1024x576.jpeg\" alt=\"\" class=\"wp-image-332\" style=\"aspect-ratio:1.5;width:280px;height:auto\" srcset=\"https:\/\/mindfulnesseducacion.com\/talleres\/wp-content\/uploads\/2023\/09\/AdobeStock_298891646-1024x576.jpeg 1024w, https:\/\/mindfulnesseducacion.com\/talleres\/wp-content\/uploads\/2023\/09\/AdobeStock_298891646-300x169.jpeg 300w, https:\/\/mindfulnesseducacion.com\/talleres\/wp-content\/uploads\/2023\/09\/AdobeStock_298891646-768x432.jpeg 768w, https:\/\/mindfulnesseducacion.com\/talleres\/wp-content\/uploads\/2023\/09\/AdobeStock_298891646-1536x864.jpeg 1536w, https:\/\/mindfulnesseducacion.com\/talleres\/wp-content\/uploads\/2023\/09\/AdobeStock_298891646-2048x1152.jpeg 2048w, https:\/\/mindfulnesseducacion.com\/talleres\/wp-content\/uploads\/2023\/09\/AdobeStock_298891646-520x293.jpeg 520w, https:\/\/mindfulnesseducacion.com\/talleres\/wp-content\/uploads\/2023\/09\/AdobeStock_298891646-720x405.jpeg 720w\" sizes=\"(max-width: 1024px) 100vw, 1024px\" \/><figcaption class=\"wp-element-caption\">Mindfulness: la ventana del alma<\/figcaption><\/figure><\/div>\n\n\n<p class=\"has-text-align-center has-text-color has-medium-font-size\" style=\"color:#390f61\"><strong>Beneficios de practicar Mindfulness:<\/strong><\/p>\n\n\n\n<ul>\n<li class=\"has-small-font-size\">Mejora las habilidades acad\u00e9micas y el desempe\u00f1o laboral<\/li>\n\n\n\n<li class=\"has-small-font-size\">Reduce la ansiedad, el estr\u00e9s t\u00f3xico y la depresi\u00f3n<\/li>\n\n\n\n<li class=\"has-small-font-size\">Reduce las conductas hostiles<\/li>\n\n\n\n<li class=\"has-small-font-size\">Favorece las actitudes y conductas prosociales<\/li>\n\n\n\n<li class=\"has-small-font-size\">Optimiza el desempe\u00f1o en el trabajo, las artes y el deporte<\/li>\n\n\n\n<li class=\"has-small-font-size\">Contribuye a la toma de decisiones  responsables<\/li>\n\n\n\n<li class=\"has-small-font-size\">Incrementa la motivaci\u00f3n<\/li>\n\n\n\n<li class=\"has-small-font-size\">Fortalece el sistema inmunol\u00f3gico, previniendo y\/o controlando padecimientos cr\u00f3nicos<\/li>\n\n\n\n<li class=\"has-small-font-size\">Incrementa la creatividad y la espiritualidad laica<\/li>\n\n\n\n<li class=\"has-small-font-size\">Estimula la formaci\u00f3n de una conciencia \u00e9tica basada en la compasi\u00f3n, la paz, la empat\u00eda y la colaboraci\u00f3n<\/li>\n<\/ul>\n\n\n\n<p class=\"has-text-align-center has-text-color has-medium-font-size\" style=\"color:#390f61\"><strong>M\u00f3dulo I. Fundamentos de Mindfulness<\/strong><\/p>\n\n\n\n<ol>\n<li class=\"has-small-font-size\">Mindfulness y neurociencias cognitivas y afectivas<\/li>\n\n\n\n<li class=\"has-small-font-size\"> Los mecanismos de acci\u00f3n de Mindfulness. <\/li>\n\n\n\n<li class=\"has-small-font-size\">Mindfulness e Inteligencia emocional<\/li>\n\n\n\n<li class=\"has-small-font-size\">Ecuanimidad y autorregulaci\u00f3n emocional con Mindfulness<\/li>\n\n\n\n<li class=\"has-small-font-size\">Habilidades comunicativas y sociales: Escucha activa y mensaje Yo.<\/li>\n\n\n\n<li class=\"has-small-font-size\">Desempe\u00f1o en el trabajo, la escuela.<\/li>\n\n\n\n<li class=\"has-small-font-size\">H\u00e1bitos de autocuidado; alimentaci\u00f3n saludable; sue\u00f1o e insomnio; estr\u00e9s y relajaci\u00f3n; deporte y ocio saludable.<\/li>\n<\/ol>\n\n\n\n<p style=\"font-size:17px\"><em>Si eres profesor, instructor o padre de familia, puedes continuar tu formaci\u00f3n con el M\u00f3dulo II, dedicado a la ense\u00f1anza de Mindfulness a ni\u00f1os, adolescentes y j\u00f3venes <\/em>.<\/p>\n\n\n\n<p class=\"has-text-align-center has-black-color has-text-color has-medium-font-size\"><span style=\"background-color:rgba(0, 0, 0, 0);color:#3e1366\" class=\"has-inline-color\"><strong>\u00bfPor qu\u00e9 ense\u00f1ar Mindfulness a ni\u00f1os, adolescentes y j\u00f3venes?<\/strong><\/span><\/p>\n\n\n<div class=\"wp-block-image is-style-rounded\">\n<figure class=\"aligncenter size-large is-resized\"><img decoding=\"async\" loading=\"lazy\" width=\"819\" height=\"795\" src=\"https:\/\/mindfulnesseducacion.com\/talleres\/wp-content\/uploads\/2023\/08\/image.png\" alt=\"\" class=\"wp-image-92\" style=\"aspect-ratio:1.0303030303030303;width:163px;height:auto\" srcset=\"https:\/\/mindfulnesseducacion.com\/talleres\/wp-content\/uploads\/2023\/08\/image.png 819w, https:\/\/mindfulnesseducacion.com\/talleres\/wp-content\/uploads\/2023\/08\/image-300x291.png 300w, https:\/\/mindfulnesseducacion.com\/talleres\/wp-content\/uploads\/2023\/08\/image-768x745.png 768w, https:\/\/mindfulnesseducacion.com\/talleres\/wp-content\/uploads\/2023\/08\/image-720x699.png 720w\" sizes=\"(max-width: 819px) 100vw, 819px\" \/><\/figure><\/div>\n\n\n<p class=\"has-small-font-size\">Para que se produzca un aprendizaje, ni\u00f1os, adolescentes y j\u00f3venes requieren de entornos educativos emocionalmente favorables. Si ellos se sienten seguros, el aprendizaje vendr\u00e1 por s\u00ed solo. Los docentes que ense\u00f1an con atenci\u00f3n plena son un ejemplo que los ni\u00f1os imitan; as\u00ed el grupo aprende a autorregularse tener disposici\u00f3n para aprender.<\/p>\n\n\n\n<p class=\"has-small-font-size\"> Como profesor puedes introducir la pr\u00e1ctica de Mindfulness en el aula de dos maneras:<\/p>\n\n\n\n<p class=\"has-small-font-size\">a) <strong>Incorporando sus principios de manera transversa<\/strong>l en las materias que impartes en tus grupos de estudiantes, lo cual lograr\u00e1s si comprendes los principios de Mindfulness que te daremos en este curso-taller. <\/p>\n\n\n\n<p class=\"has-small-font-size\">b) <strong>Introduciendo los programas curriculares<\/strong> en per\u00edodos de 10 a 15 minutos de dos a cuatro veces por semana en el aula, dependiendo de tu funci\u00f3n y curr\u00edculo adecuado a la edad de tu grupo: Preescolar:  3-5 a\u00f1os;  Primaria:   6-11 a\u00f1os; Secundaria:   12-14 a\u00f1os y Bachillerato: 15-17 a\u00f1os.<\/p>\n\n\n\n<p class=\"has-text-align-center has-text-color has-medium-font-size\" style=\"color:#390f61\"><strong>M\u00f3dulo II. Ni\u00f1os conscientes\/Mindful Children<\/strong><\/p>\n\n\n\n<ol>\n<li class=\"has-small-font-size\">Los pilares olvidados de la educaci\u00f3n: Saber Ser y Saber Convivir<\/li>\n\n\n\n<li class=\"has-small-font-size\">Entornos favorables para el aprendizaje<\/li>\n\n\n\n<li class=\"has-small-font-size\">Educaci\u00f3n emocional con Mindfulness<\/li>\n\n\n\n<li class=\"has-small-font-size\">Aplicaciones de Mindfulness con ni\u00f1os de 0 a 99 a\u00f1os de edad.<\/li>\n\n\n\n<li class=\"has-small-font-size\">Curr\u00edcula de Mindfulness para ni\u00f1os, adolescentes y j\u00f3venes<\/li>\n<\/ol>\n\n\n\n<h2 class=\"wp-block-heading has-text-align-center has-medium-font-size\"><span style=\"background-color:rgba(0, 0, 0, 0);color:#5600a3\" class=\"has-inline-color\"><strong>Destinatarios del curso taller<\/strong><\/span><\/h2>\n\n\n\n<ul>\n<li class=\"has-small-font-size\">Personas interesadas en su bienestar mental y emocional<\/li>\n\n\n\n<li class=\"has-small-font-size\">Educadores y profesores comprometidos<\/li>\n\n\n\n<li class=\"has-small-font-size\">Pedagogos, psicopedagogos, psic\u00f3logos<\/li>\n\n\n\n<li class=\"has-small-font-size\">Trabajadores sociales <\/li>\n\n\n\n<li class=\"has-small-font-size\">Tutores u orientadores escolares<\/li>\n\n\n\n<li class=\"has-small-font-size\">Padres de familia y cuidadores<\/li>\n\n\n\n<li class=\"has-small-font-size\">Estudiantes de carreras de educaci\u00f3n<\/li>\n\n\n\n<li class=\"has-small-font-size\">Instructores de centros de capacitaci\u00f3n y empresas<\/li>\n<\/ul>\n\n\n\n<p>Al finalizar el programa podr\u00e1s ser Miembro de la <span style=\"background-color:rgba(0, 0, 0, 0);color:#420a73\" class=\"has-inline-color\"><strong>Red ERES Edulab<\/strong><\/span>  <\/p>\n\n\n<div class=\"wp-block-image\">\n<figure class=\"aligncenter size-large is-resized\"><img decoding=\"async\" loading=\"lazy\" width=\"588\" height=\"54\" src=\"https:\/\/mindfulnesseducacion.com\/talleres\/wp-content\/uploads\/2023\/08\/ERES-color-morado.jpg\" alt=\"\" class=\"wp-image-251\" style=\"aspect-ratio:10.886363636363637;width:283px;height:auto\" srcset=\"https:\/\/mindfulnesseducacion.com\/talleres\/wp-content\/uploads\/2023\/08\/ERES-color-morado.jpg 588w, https:\/\/mindfulnesseducacion.com\/talleres\/wp-content\/uploads\/2023\/08\/ERES-color-morado-300x28.jpg 300w\" sizes=\"(max-width: 588px) 100vw, 588px\" \/><\/figure><\/div>\n\n\n<div class=\"wp-block-group is-layout-flow wp-block-group-is-layout-flow\"><div class=\"wp-block-group__inner-container\"><div class=\"wp-block-image\">\n<figure class=\"aligncenter size-large is-resized\"><img decoding=\"async\" loading=\"lazy\" width=\"634\" height=\"637\" src=\"https:\/\/mindfulnesseducacion.com\/talleres\/wp-content\/uploads\/2023\/08\/Sello.png\" alt=\"\" class=\"wp-image-254\" style=\"aspect-ratio:0.9950738916256158;width:126px;height:auto\" srcset=\"https:\/\/mindfulnesseducacion.com\/talleres\/wp-content\/uploads\/2023\/08\/Sello.png 634w, https:\/\/mindfulnesseducacion.com\/talleres\/wp-content\/uploads\/2023\/08\/Sello-300x300.png 300w, https:\/\/mindfulnesseducacion.com\/talleres\/wp-content\/uploads\/2023\/08\/Sello-150x150.png 150w, https:\/\/mindfulnesseducacion.com\/talleres\/wp-content\/uploads\/2023\/08\/Sello-200x200.png 200w\" sizes=\"(max-width: 634px) 100vw, 634px\" \/><\/figure><\/div>\n\n\n<div class=\"wp-block-group is-layout-flow wp-block-group-is-layout-flow\"><div class=\"wp-block-group__inner-container\">\n<ul>\n<li class=\"has-small-font-size\">Tendr\u00e1s la oportunidad de difundir la pr\u00e1ctica de Mindfulness en las familias, escuelas y comunidades.<\/li>\n\n\n\n<li class=\"has-small-font-size\">Accede con descuento a eventos acad\u00e9micos.<\/li>\n\n\n\n<li class=\"has-small-font-size\">Recibe en tu correo electr\u00f3nico exclusivos <a href=\"https:\/\/mindfulnesseducacion.com\/articulos\/index.php\/2021\/04\/20\/aprendizaje-socioemocional\/\"><strong>Art\u00edculos<\/strong><\/a> originales de educaci\u00f3n emocional, mindfulness, t\u00e9cnicas de integraci\u00f3n cerebral y aprendizaje.<\/li>\n\n\n\n<li class=\"has-small-font-size\">Integrarte a la Comunidad de <strong>Mindfulness Edulab Iberoam\u00e9rica<\/strong>, en el cual podr\u00e1s socializar tu experiencia, buscar respuestas a tus preguntas, hacer aportaciones,  y recibir retroalimentaci\u00f3n.<\/li>\n\n\n\n<li class=\"has-small-font-size\">Tu organizaci\u00f3n podr\u00e1 participar en el Proyecto de Investigaci\u00f3n de Mindfulness para evaluar su impacto en la educaci\u00f3n<\/li>\n<\/ul>\n<\/div><\/div>\n\n\n<div class=\"wp-block-image\">\n<figure class=\"aligncenter size-large is-resized\"><img decoding=\"async\" loading=\"lazy\" width=\"1024\" height=\"724\" src=\"https:\/\/mindfulnesseducacion.com\/talleres\/wp-content\/uploads\/2023\/08\/Constancia-Modelo-publicidad-1024x724.jpg\" alt=\"\" class=\"wp-image-132\" style=\"aspect-ratio:1.4189189189189189;width:261px;height:auto\" srcset=\"https:\/\/mindfulnesseducacion.com\/talleres\/wp-content\/uploads\/2023\/08\/Constancia-Modelo-publicidad-1024x724.jpg 1024w, https:\/\/mindfulnesseducacion.com\/talleres\/wp-content\/uploads\/2023\/08\/Constancia-Modelo-publicidad-300x212.jpg 300w, https:\/\/mindfulnesseducacion.com\/talleres\/wp-content\/uploads\/2023\/08\/Constancia-Modelo-publicidad-768x543.jpg 768w, https:\/\/mindfulnesseducacion.com\/talleres\/wp-content\/uploads\/2023\/08\/Constancia-Modelo-publicidad-1536x1086.jpg 1536w, https:\/\/mindfulnesseducacion.com\/talleres\/wp-content\/uploads\/2023\/08\/Constancia-Modelo-publicidad-2048x1448.jpg 2048w, https:\/\/mindfulnesseducacion.com\/talleres\/wp-content\/uploads\/2023\/08\/Constancia-Modelo-publicidad-720x509.jpg 720w\" sizes=\"(max-width: 1024px) 100vw, 1024px\" \/><\/figure><\/div>\n\n\n<h2 class=\"wp-block-heading has-text-align-center has-text-color has-medium-font-size\" style=\"color:#6618af\"><span style=\"background-color:rgba(0, 0, 0, 0);color:#552482\" class=\"has-inline-color\">Fechas, modalidad y horarios<\/span><\/h2>\n<\/div><\/div>\n\n\n\n<div class=\"wp-block-group alignfull has-small-font-size is-layout-flow wp-block-group-is-layout-flow\"><div class=\"wp-block-group__inner-container\">\n<div class=\"wp-block-group alignwide is-layout-flow wp-block-group-is-layout-flow\"><div class=\"wp-block-group__inner-container\">\n<p class=\"has-small-font-size\"><strong> Trabajo h\u00edbrido:<\/strong> <strong><span style=\"background-color: rgb(255, 255, 255); color: initial;\">Actividades <\/span><strong style=\"background-color: rgb(255, 255, 255); color: initial;\">sincr\u00f3nicas <\/strong><span style=\"background-color: rgb(255, 255, 255); color: initial;\">en l\u00ednea v\u00eda Zoom: doce sesiones semanales de 2.5 Hs. ca<\/span><\/strong>da una + Pr\u00e1cticas semanales <strong>asincr\u00f3nicas<\/strong><\/p>\n\n\n\n<ul>\n<li class=\"has-small-font-size\">Fechas:  <strong>del 27 de febrero al 22 de mayo de 202<\/strong>5 (12 semanas lectivas)<\/li>\n\n\n\n<li class=\"has-small-font-size\">\u00a0Horario Central Standard Time (CST) Cd. de M\u00e9xico : Jueves de 18:30 a 21:00 Hrs. <\/li>\n\n\n\n<li class=\"has-small-font-size\"><strong>Revisa la hora de tu pa\u00eds <a href=\"https:\/\/24timezones.com\/Ciudad-de-m%C3%A9xico\/hora\">AQU\u00cd<\/a><\/strong><\/li>\n<\/ul>\n<\/div><\/div>\n<\/div><\/div>\n\n\n\n<h2 class=\"wp-block-heading has-text-align-center has-text-color has-medium-font-size\" style=\"color:#6618af\">Coordinador:<\/h2>\n\n\n\n<ul class=\"has-text-color has-normal-font-size\" style=\"color:#0e3040\">\n<li class=\"has-small-font-size\">Ph(C). Silvia Leticia Pi\u00f1ero Ram\u00edrez <a href=\"https:\/\/www.mindfulnesseducacion.com\/quienes-somos.html\" data-type=\"URL\" data-id=\"https:\/\/www.mindfulnesseducacion.com\/quienes-somos.html\"> M\u00e1s  acerca de nosotros<\/a><\/li>\n\n\n\n<li class=\"has-small-font-size\">Universitaria por m\u00e1s de 15 a\u00f1os de experiencia en la docencia y la investigaci\u00f3n<\/li>\n\n\n\n<li class=\"has-small-font-size\">16 a\u00f1os de ense\u00f1ar habilidades de <em>Pensamiento Cr\u00edtico y Creativo <\/em><\/li>\n\n\n\n<li class=\"has-small-font-size\">Presido <strong>ERES Edu-Lab<\/strong>, cuyo objetivo es difundir y formar para el aprendizaje \u00e9tico, reflexivo, emocional y social<\/li>\n\n\n\n<li class=\"has-small-font-size\">Practico <strong>Mindfulness <\/strong>con \u00c9nfasis en Metacognici\u00f3n<\/li>\n\n\n\n<li class=\"has-small-font-size\"><a href=\"https:\/\/uvmx-my.sharepoint.com\/:b:\/g\/personal\/spinero_uv_mx\/EYTdl91kjcBKmztLp2Ig_40Bbz0qEwSBeZUyWkEXLb_kTw?e=AQBcLA\" data-type=\"URL\" data-id=\"https:\/\/uvmx-my.sharepoint.com\/:b:\/g\/personal\/spinero_uv_mx\/EYTdl91kjcBKmztLp2Ig_40Bbz0qEwSBeZUyWkEXLb_kTw?e=AQBcLA\">Instructora <\/a>en el Instituto de <a href=\"https:\/\/metamindful.tentokai.com\/\">Mindfulness con \u00c9nfasis en Metacognici\u00f3n<\/a><\/li>\n\n\n\n<li class=\"has-small-font-size\">Traductora y escritora de art\u00edculos cient\u00edficos y de divulgaci\u00f3n <\/li>\n\n\n\n<li class=\"has-small-font-size\">Formaci\u00f3n en <a href=\"https:\/\/www.mindfulschools.org\/\">Mindful Schools<\/a> y el Programa&nbsp;<em>Trauma Informed Resilient Schools<\/em> de <a href=\"https:\/\/starr.org\/\">Starr.org\u200b<\/a><\/li>\n\n\n\n<li class=\"has-small-font-size\"><a href=\"https:\/\/uvmx-my.sharepoint.com\/:b:\/g\/personal\/spinero_uv_mx\/EWmqaHHGFi1Ikn2YEEi_-QcBZVE0BOldSdwlqciLovJKJw?e=d94HYM\" data-type=\"URL\" data-id=\"https:\/\/uvmx-my.sharepoint.com\/:b:\/g\/personal\/spinero_uv_mx\/EWmqaHHGFi1Ikn2YEEi_-QcBZVE0BOldSdwlqciLovJKJw?e=d94HYM\">Certifiqu\u00e9 <\/a>mis saberes socioemocionales en Social, Emotional and Ethical Learning (SEEL) Program de <a href=\"https:\/\/seelearning.emory.edu\/en\/home\" data-type=\"URL\" data-id=\"https:\/\/seelearning.emory.edu\/en\/home\">Emory University<\/a><\/li>\n<\/ul>\n\n\n\n<h2 class=\"wp-block-heading has-text-align-center has-text-color has-medium-font-size\" style=\"color:#333c87\"><em><strong>ERES Edulab es un espacio basado en los principios de justicia, equidad e inclusi\u00f3n educativa. <\/strong><\/em><\/h2>\n\n\n\n<p><\/p>\n\n\n\n<p class=\"has-text-align-center has-vivid-red-color has-text-color has-background has-medium-font-size\" style=\"background-color:#fcb900ad\">Toma la formaci\u00f3n completa por s\u00f3lo  <s><strong>$3,599.00<\/strong><\/s>     <strong>$999.<\/strong>00 Mx &#8211; Descuento de -72 %                                                                                                                                   <\/p>\n\n\n\n<div class=\"wp-block-buttons is-layout-flex wp-block-buttons-is-layout-flex\">\n<div class=\"wp-block-button is-style-fill\"><a class=\"wp-block-button__link has-text-align-center wp-element-button\" href=\"https:\/\/buy.stripe.com\/7sI9BigtA72Rf845ku?locale=es&amp;__embed_source=1\" target=\"_blank\" rel=\"noreferrer noopener\">Comprar<\/a><\/div>\n<\/div>\n\n\n\n<p class=\"has-text-align-center has-text-color\" style=\"color:#333c87;font-size:20px\"><em>Compras a tres pagos por tarjeta de cr\u00e9dito con Ual\u00e1<\/em><\/p>\n\n\n\n<p>Hacer tres pagos de  <\/p>\n\n\n\n<p class=\"has-text-align-center has-luminous-vivid-orange-color has-white-background-color has-text-color has-background\" style=\"font-size:18px\">   <strong><a href=\"mailto:silviapinero@mindfulnesseducacion.com\">silviapinero@mindfulnesseducacion.com<\/a><\/strong><\/p>\n\n\n\n<figure class=\"wp-block-image size-medium is-resized\"><img decoding=\"async\" loading=\"lazy\" width=\"300\" height=\"300\" src=\"https:\/\/mindfulnesseducacion.com\/talleres\/wp-content\/uploads\/2024\/01\/logo-whatsapp-transparente-300x300.png\" alt=\"\" class=\"wp-image-363\" style=\"aspect-ratio:1;width:55px;height:auto\" srcset=\"https:\/\/mindfulnesseducacion.com\/talleres\/wp-content\/uploads\/2024\/01\/logo-whatsapp-transparente-300x300.png 300w, https:\/\/mindfulnesseducacion.com\/talleres\/wp-content\/uploads\/2024\/01\/logo-whatsapp-transparente-150x150.png 150w, https:\/\/mindfulnesseducacion.com\/talleres\/wp-content\/uploads\/2024\/01\/logo-whatsapp-transparente-768x768.png 768w, https:\/\/mindfulnesseducacion.com\/talleres\/wp-content\/uploads\/2024\/01\/logo-whatsapp-transparente-200x200.png 200w, https:\/\/mindfulnesseducacion.com\/talleres\/wp-content\/uploads\/2024\/01\/logo-whatsapp-transparente-720x720.png 720w, https:\/\/mindfulnesseducacion.com\/talleres\/wp-content\/uploads\/2024\/01\/logo-whatsapp-transparente.png 1000w\" sizes=\"(max-width: 300px) 100vw, 300px\" \/><figcaption class=\"wp-element-caption\">WhatsApp 2282274777                             <\/figcaption><\/figure>\n\n\n\n<ul class=\"wp-block-social-links is-layout-flex wp-block-social-links-is-layout-flex\"><li class=\"wp-social-link wp-social-link-facebook  wp-block-social-link\"><a href=\"https:\/\/www.facebook.com\/Educ.Reflexiva.Emocional.Social\" class=\"wp-block-social-link-anchor\"><svg width=\"24\" height=\"24\" viewBox=\"0 0 24 24\" version=\"1.1\" xmlns=\"http:\/\/www.w3.org\/2000\/svg\" aria-hidden=\"true\" focusable=\"false\"><path d=\"M12 2C6.5 2 2 6.5 2 12c0 5 3.7 9.1 8.4 9.9v-7H7.9V12h2.5V9.8c0-2.5 1.5-3.9 3.8-3.9 1.1 0 2.2.2 2.2.2v2.5h-1.3c-1.2 0-1.6.8-1.6 1.6V12h2.8l-.4 2.9h-2.3v7C18.3 21.1 22 17 22 12c0-5.5-4.5-10-10-10z\"><\/path><\/svg><span class=\"wp-block-social-link-label screen-reader-text\">Facebook<\/span><\/a><\/li><\/ul>\n\n\n\n<div class=\"wp-block-group is-layout-flow wp-block-group-is-layout-flow\"><div class=\"wp-block-group__inner-container\">\n<ul class=\"wp-block-social-links is-style-logos-only is-layout-flex wp-block-social-links-is-layout-flex\"><li class=\"wp-social-link wp-social-link-mail  wp-block-social-link\"><a href=\"mailto:silviapinero@mindfulnesseducacion.com\" class=\"wp-block-social-link-anchor\"><svg width=\"24\" height=\"24\" viewBox=\"0 0 24 24\" version=\"1.1\" xmlns=\"http:\/\/www.w3.org\/2000\/svg\" aria-hidden=\"true\" focusable=\"false\"><path d=\"M19,5H5c-1.1,0-2,.9-2,2v10c0,1.1.9,2,2,2h14c1.1,0,2-.9,2-2V7c0-1.1-.9-2-2-2zm.5,12c0,.3-.2.5-.5.5H5c-.3,0-.5-.2-.5-.5V9.8l7.5,5.6,7.5-5.6V17zm0-9.1L12,13.6,4.5,7.9V7c0-.3.2-.5.5-.5h14c.3,0,.5.2.5.5v.9z\"><\/path><\/svg><span class=\"wp-block-social-link-label screen-reader-text\">Redactar un correo<\/span><\/a><\/li><\/ul>\n\n\n<div class=\"wp-block-image\">\n<figure class=\"aligncenter size-medium is-resized\"><img decoding=\"async\" loading=\"lazy\" width=\"286\" height=\"300\" src=\"https:\/\/mindfulnesseducacion.com\/talleres\/wp-content\/uploads\/2023\/08\/Edulab-286x300.jpg\" alt=\"\" class=\"wp-image-201\" style=\"aspect-ratio:0.9572192513368984;width:97px;height:auto\" srcset=\"https:\/\/mindfulnesseducacion.com\/talleres\/wp-content\/uploads\/2023\/08\/Edulab-286x300.jpg 286w, https:\/\/mindfulnesseducacion.com\/talleres\/wp-content\/uploads\/2023\/08\/Edulab-976x1024.jpg 976w, https:\/\/mindfulnesseducacion.com\/talleres\/wp-content\/uploads\/2023\/08\/Edulab-768x805.jpg 768w, https:\/\/mindfulnesseducacion.com\/talleres\/wp-content\/uploads\/2023\/08\/Edulab-720x755.jpg 720w, https:\/\/mindfulnesseducacion.com\/talleres\/wp-content\/uploads\/2023\/08\/Edulab.jpg 1147w\" sizes=\"(max-width: 286px) 100vw, 286px\" \/><\/figure><\/div>\n\n<ol class=\"wp-block-footnotes\"><li id=\"1a18eedc-de0c-46ed-a692-20305075dc98\">Gorfinkel, O. (2021).  <a href=\"#1a18eedc-de0c-46ed-a692-20305075dc98-link\">\u21a9\ufe0e<\/a><\/li><\/ol><\/div><\/div>\n\n\n\n<pre class=\"wp-block-code has-small-font-size\"><code><\/code><\/pre>\n","protected":false},"excerpt":{"rendered":"<p>Conocida como la meditaci\u00f3n cient\u00edfica, Mindfulness es la pr\u00e1ctica de poner atenci\u00f3n en el momento, tiempo y espacio presentes. \u00bfQu\u00e9 significa esto? Mindfulness es una capacidad&#46;&#46;&#46;<\/p>\n","protected":false},"author":1,"featured_media":244,"comment_status":"open","ping_status":"open","sticky":true,"template":"","format":"image","meta":{"_monsterinsights_skip_tracking":false,"_monsterinsights_sitenote_active":false,"_monsterinsights_sitenote_note":"","_monsterinsights_sitenote_category":0,"footnotes":"[{\"content\":\"Gorfinkel, O. (2021). \",\"id\":\"1a18eedc-de0c-46ed-a692-20305075dc98\"}]"},"categories":[1],"tags":[],"_links":{"self":[{"href":"https:\/\/mindfulnesseducacion.com\/talleres\/index.php\/wp-json\/wp\/v2\/posts\/58"}],"collection":[{"href":"https:\/\/mindfulnesseducacion.com\/talleres\/index.php\/wp-json\/wp\/v2\/posts"}],"about":[{"href":"https:\/\/mindfulnesseducacion.com\/talleres\/index.php\/wp-json\/wp\/v2\/types\/post"}],"author":[{"embeddable":true,"href":"https:\/\/mindfulnesseducacion.com\/talleres\/index.php\/wp-json\/wp\/v2\/users\/1"}],"replies":[{"embeddable":true,"href":"https:\/\/mindfulnesseducacion.com\/talleres\/index.php\/wp-json\/wp\/v2\/comments?post=58"}],"version-history":[{"count":276,"href":"https:\/\/mindfulnesseducacion.com\/talleres\/index.php\/wp-json\/wp\/v2\/posts\/58\/revisions"}],"predecessor-version":[{"id":472,"href":"https:\/\/mindfulnesseducacion.com\/talleres\/index.php\/wp-json\/wp\/v2\/posts\/58\/revisions\/472"}],"wp:featuredmedia":[{"embeddable":true,"href":"https:\/\/mindfulnesseducacion.com\/talleres\/index.php\/wp-json\/wp\/v2\/media\/244"}],"wp:attachment":[{"href":"https:\/\/mindfulnesseducacion.com\/talleres\/index.php\/wp-json\/wp\/v2\/media?parent=58"}],"wp:term":[{"taxonomy":"category","embeddable":true,"href":"https:\/\/mindfulnesseducacion.com\/talleres\/index.php\/wp-json\/wp\/v2\/categories?post=58"},{"taxonomy":"post_tag","embeddable":true,"href":"https:\/\/mindfulnesseducacion.com\/talleres\/index.php\/wp-json\/wp\/v2\/tags?post=58"}],"curies":[{"name":"wp","href":"https:\/\/api.w.org\/{rel}","templated":true}]}}